{"id":551,"date":"2021-10-06T11:40:55","date_gmt":"2021-10-06T11:40:55","guid":{"rendered":"http:\/\/cornillier-wp.eliott-markus.digital\/covid-19-beneficier-des-assouplissements-relatifs-au-pret-de-main-doeuvre-5\/"},"modified":"2024-01-23T16:11:12","modified_gmt":"2024-01-23T16:11:12","slug":"covid-19-beneficier-des-assouplissements-relatifs-au-pret-de-main-doeuvre-5","status":"publish","type":"post","link":"https:\/\/www.cornillier-avocats.com\/en\/covid-19-beneficier-des-assouplissements-relatifs-au-pret-de-main-doeuvre-5\/","title":{"rendered":"Panoramas des mesures applicables jusqu&#8217;au 31 d\u00e9cembre 2021 prises pour adapter le droit des entreprises en difficult\u00e9s \u00e0 la crise sanitaire COVID-19"},"content":{"rendered":"\n<p>Dans le cadre de la crise sanitaire, des mesures ont \u00e9t\u00e9 prises en vue d\u2019adapter le droit des entreprises en difficult\u00e9s \u00e0 cette p\u00e9riode particuli\u00e8re. Certaines de ces mesures sont applicables jusqu\u2019au 31 d\u00e9cembre 2021.<\/p>\n\n\n\n<p><strong>Voici, \u00e0 mi-parcours et pour m\u00e9moire, un focus sur quelques mesures applicables jusqu\u2019au 31 d\u00e9cembre 2021.&nbsp;<\/strong><a><\/a><\/p>\n\n\n\n<h3 class=\"wp-block-heading\">Droit d&#8217;alerte du Commissaire aux comptes<\/h3>\n\n\n\n<p>En principe, le Commissaire aux comptes qui rel\u00e8ve, lors de sa mission, des faits de nature \u00e0 compromettre la continuit\u00e9 de l\u2019exploitation en informe les dirigeants. A d\u00e9faut de r\u00e9ponse sous 15 jours ou d&#8217;une r\u00e9ponse satisfaisante, il exerce son droit d\u2019alerte aupr\u00e8s du Pr\u00e9sident du tribunal.<\/p>\n\n\n\n<p>Jusqu\u2019au 31 d\u00e9cembre 2021, lorsque le Commissaire aux comptes consid\u00e8re que l\u2019urgence n\u00e9cessite de prendre des mesures imm\u00e9diates et que le dirigeant s\u2019y refuse ou propose des mesures qu\u2019il estime insuffisantes, il peut exercer ce droit d\u00e8s la premi\u00e8re information sans attendre la r\u00e9ponse du dirigeant.<a><\/a><\/p>\n\n\n\n<h3 class=\"wp-block-heading\">Prise en charge acc\u00e9l\u00e9r\u00e9e des cr\u00e9ances salariales en proc\u00e9dure collective<\/h3>\n\n\n\n<p>Les relev\u00e9s de cr\u00e9ances salariales peuvent \u00eatre transmis \u00e0 l\u2019AGS d\u00e8s leur \u00e9tablissement avec seulement la signature du Mandataire judiciaire. Si les relev\u00e9s transmis n\u2019\u00e9taient pas conformes aux relev\u00e9s vis\u00e9s ensuite par le Juge-commissaire, le Mandataire judiciaire transmettra sans d\u00e9lai ces derniers \u00e0 l\u2019AGS.<a><\/a><\/p>\n\n\n\n<h3 class=\"wp-block-heading\">Poursuite de la prolongation de la dur\u00e9e de la conciliation<\/h3>\n\n\n\n<p>Le conciliateur peut demander au Pr\u00e9sident du tribunal de proroger la dur\u00e9e de la proc\u00e9dure de conciliation par d\u00e9cision motiv\u00e9e, une ou plusieurs fois. La dur\u00e9e totale de la proc\u00e9dure ne pourra toutefois pas exc\u00e9der 10 mois, contre une dur\u00e9e de 4 mois, prorogeable 1 mois en l\u2019absence de mesure d\u00e9rogatoire.<a><\/a><\/p>\n\n\n\n<h3 class=\"wp-block-heading\">Suspension des poursuites de certains cr\u00e9anciers durant la conciliation<\/h3>\n\n\n\n<p>Toute entreprise, quelle que soit sa forme, qui est poursuivie par un cr\u00e9ancier pour le&nbsp;r\u00e8glement d\u2019une somme d\u2019argent ou \u00e0 la r\u00e9solution d\u2019un contrat pour d\u00e9faut de paiement peut, dans le cadre d\u2019une conciliation, demander \u00e0 ce que ces poursuites soient suspendues. Cette suspension est possible si le cr\u00e9ancier poursuivant, apr\u00e8s avoir \u00e9t\u00e9 appel\u00e9 \u00e0 la conciliation, n\u2019a pas accept\u00e9 \u00e0 la demande du Conciliateur de&nbsp; suspendre l\u2019exigibilit\u00e9 de sa cr\u00e9ance dans le d\u00e9lai imparti par ce dernier. Cette entreprise peut \u00e9galement demander au Juge de reporter ou d\u2019\u00e9chelonner le paiement des sommes dues.<\/p>\n\n\n\n<p>Enfin, cette entreprise peut demander des d\u00e9lais de gr\u00e2ce lorsqu\u2019un cr\u00e9ancier la met en demeure, ou la poursuit sans mise en demeure pr\u00e9alable, d\u00e8s lors que ce cr\u00e9ancier n\u2019a pas accept\u00e9 de suspendre l\u2019exigibilit\u00e9 de sa cr\u00e9ance (d\u00e9rogation \u00e0 l\u2019article L.611-7 du Code de commerce). Dans cette hypoth\u00e8se, le Juge peut reporter ou \u00e9chelonner le r\u00e8glement de la dette dans la limite de deux ans (1343-5 du Code civil).<a><\/a><\/p>\n\n\n\n<h3 class=\"wp-block-heading\">Acc\u00e8s \u00e0 la proc\u00e9dure de sauvegarde acc\u00e9l\u00e9r\u00e9e sans conditions de seuils<\/h3>\n\n\n\n<p>Jusqu\u2019au 31 d\u00e9cembre 2021, la proc\u00e9dure de sauvegarde acc\u00e9l\u00e9r\u00e9e est ouverte sans conditions de seuils d\u00e8s lors que les comptes ont \u00e9t\u00e9 certifi\u00e9s par un Commissaire aux comptes ou \u00e9tablis par un Expert-comptable.<\/p>\n\n\n\n<p>En l\u2019absence de mesure d\u00e9rogatoire, la proc\u00e9dure est ouverte aux entreprises dont les comptes sont certifi\u00e9s par un Commissaire aux comptes ou \u00e9tablis par un Expert-comptable et qui a plus de 20 salari\u00e9s \u00e0 la date de la demande d\u2019ouverture de la proc\u00e9dure, ou plus de 3.000.000 \u20ac de chiffre d&#8217;affaires hors taxe ou plus de 1.500.000 \u20ac de total du bilan (article L628-1 et D628-3 du Code de commerce).<a><\/a><\/p>\n\n\n\n<p>N\u2019h\u00e9sitez pas \u00e0 nous contacter pour toute pr\u00e9cision concernant ces mesures.<\/p>\n","protected":false},"excerpt":{"rendered":"<p>Dans le cadre de la crise sanitaire, des mesures ont \u00e9t\u00e9 prises en vue d\u2019adapter le droit des entreprises en difficult\u00e9s \u00e0 cette p\u00e9riode particuli\u00e8re. Certaines de ces mesures sont applicables jusqu\u2019au 31 d\u00e9cembre 2021. Voici, \u00e0 mi-parcours et pour m\u00e9moire, un focus sur quelques mesures applicables jusqu\u2019au 31 d\u00e9cembre 2021.&nbsp; Droit d&#8217;alerte du Commissaire [&hellip;]<\/p>\n","protected":false},"author":1,"featured_media":0,"comment_status":"closed","ping_status":"closed","sticky":false,"template":"","format":"standard","meta":{"_acf_changed":false,"footnotes":""},"categories":[3],"tags":[],"class_list":["post-551","post","type-post","status-publish","format-standard","hentry","category-uncategorized"],"acf":[],"yoast_head":"<!-- This site is optimized with the Yoast SEO plugin v27.1.1 - https:\/\/yoast.com\/product\/yoast-seo-wordpress\/ -->\n<title>Panoramas des mesures applicables jusqu&#039;au 31 d\u00e9cembre 2021 prises pour adapter le droit des entreprises en difficult\u00e9s \u00e0 la crise sanitaire COVID-19 - Cornillier Avocats<\/title>\n<meta name=\"robots\" content=\"index, follow, max-snippet:-1, max-image-preview:large, max-video-preview:-1\" \/>\n<link rel=\"canonical\" href=\"https:\/\/www.cornillier-avocats.com\/en\/covid-19-beneficier-des-assouplissements-relatifs-au-pret-de-main-doeuvre-5\/\" \/>\n<meta property=\"og:locale\" content=\"en_US\" \/>\n<meta property=\"og:type\" content=\"article\" \/>\n<meta property=\"og:title\" content=\"Panoramas des mesures applicables jusqu&#039;au 31 d\u00e9cembre 2021 prises pour adapter le droit des entreprises en difficult\u00e9s \u00e0 la crise sanitaire COVID-19 - Cornillier Avocats\" \/>\n<meta property=\"og:description\" content=\"Dans le cadre de la crise sanitaire, des mesures ont \u00e9t\u00e9 prises en vue d\u2019adapter le droit des entreprises en difficult\u00e9s \u00e0 cette p\u00e9riode particuli\u00e8re. Certaines de ces mesures sont applicables jusqu\u2019au 31 d\u00e9cembre 2021. Voici, \u00e0 mi-parcours et pour m\u00e9moire, un focus sur quelques mesures applicables jusqu\u2019au 31 d\u00e9cembre 2021.&nbsp; Droit d&#8217;alerte du Commissaire [&hellip;]\" \/>\n<meta property=\"og:url\" content=\"https:\/\/www.cornillier-avocats.com\/en\/covid-19-beneficier-des-assouplissements-relatifs-au-pret-de-main-doeuvre-5\/\" \/>\n<meta property=\"og:site_name\" content=\"Cornillier Avocats\" \/>\n<meta property=\"article:published_time\" content=\"2021-10-06T11:40:55+00:00\" \/>\n<meta property=\"article:modified_time\" content=\"2024-01-23T16:11:12+00:00\" \/>\n<meta name=\"author\" content=\"Eliott_Markus_Dev\" \/>\n<meta name=\"twitter:card\" content=\"summary_large_image\" \/>\n<meta name=\"twitter:label1\" content=\"Written by\" \/>\n\t<meta name=\"twitter:data1\" content=\"Eliott_Markus_Dev\" \/>\n\t<meta name=\"twitter:label2\" content=\"Est. reading time\" \/>\n\t<meta name=\"twitter:data2\" content=\"3 minutes\" \/>\n<script type=\"application\/ld+json\" class=\"yoast-schema-graph\">{\"@context\":\"https:\/\/schema.org\",\"@graph\":[{\"@type\":\"Article\",\"@id\":\"https:\/\/www.cornillier-avocats.com\/en\/covid-19-beneficier-des-assouplissements-relatifs-au-pret-de-main-doeuvre-5\/#article\",\"isPartOf\":{\"@id\":\"https:\/\/www.cornillier-avocats.com\/en\/covid-19-beneficier-des-assouplissements-relatifs-au-pret-de-main-doeuvre-5\/\"},\"author\":{\"name\":\"Eliott_Markus_Dev\",\"@id\":\"https:\/\/www.cornillier-avocats.com\/#\/schema\/person\/7abf5d98c169d1e02ffc7ab6d08b6eb5\"},\"headline\":\"Panoramas des mesures applicables jusqu&#8217;au 31 d\u00e9cembre 2021 prises pour adapter le droit des entreprises en difficult\u00e9s \u00e0 la crise sanitaire COVID-19\",\"datePublished\":\"2021-10-06T11:40:55+00:00\",\"dateModified\":\"2024-01-23T16:11:12+00:00\",\"mainEntityOfPage\":{\"@id\":\"https:\/\/www.cornillier-avocats.com\/en\/covid-19-beneficier-des-assouplissements-relatifs-au-pret-de-main-doeuvre-5\/\"},\"wordCount\":668,\"inLanguage\":\"en-US\"},{\"@type\":\"WebPage\",\"@id\":\"https:\/\/www.cornillier-avocats.com\/en\/covid-19-beneficier-des-assouplissements-relatifs-au-pret-de-main-doeuvre-5\/\",\"url\":\"https:\/\/www.cornillier-avocats.com\/en\/covid-19-beneficier-des-assouplissements-relatifs-au-pret-de-main-doeuvre-5\/\",\"name\":\"Panoramas des mesures applicables jusqu'au 31 d\u00e9cembre 2021 prises pour adapter le droit des entreprises en difficult\u00e9s \u00e0 la crise sanitaire COVID-19 - Cornillier Avocats\",\"isPartOf\":{\"@id\":\"https:\/\/www.cornillier-avocats.com\/#website\"},\"datePublished\":\"2021-10-06T11:40:55+00:00\",\"dateModified\":\"2024-01-23T16:11:12+00:00\",\"author\":{\"@id\":\"https:\/\/www.cornillier-avocats.com\/#\/schema\/person\/7abf5d98c169d1e02ffc7ab6d08b6eb5\"},\"breadcrumb\":{\"@id\":\"https:\/\/www.cornillier-avocats.com\/en\/covid-19-beneficier-des-assouplissements-relatifs-au-pret-de-main-doeuvre-5\/#breadcrumb\"},\"inLanguage\":\"en-US\",\"potentialAction\":[{\"@type\":\"ReadAction\",\"target\":[\"https:\/\/www.cornillier-avocats.com\/en\/covid-19-beneficier-des-assouplissements-relatifs-au-pret-de-main-doeuvre-5\/\"]}]},{\"@type\":\"BreadcrumbList\",\"@id\":\"https:\/\/www.cornillier-avocats.com\/en\/covid-19-beneficier-des-assouplissements-relatifs-au-pret-de-main-doeuvre-5\/#breadcrumb\",\"itemListElement\":[{\"@type\":\"ListItem\",\"position\":1,\"name\":\"Home\",\"item\":\"https:\/\/www.cornillier-avocats.com\/en\/\"},{\"@type\":\"ListItem\",\"position\":2,\"name\":\"Panoramas des mesures applicables jusqu&rsquo;au 31 d\u00e9cembre 2021 prises pour adapter le droit des entreprises en difficult\u00e9s \u00e0 la crise sanitaire COVID-19\"}]},{\"@type\":\"WebSite\",\"@id\":\"https:\/\/www.cornillier-avocats.com\/#website\",\"url\":\"https:\/\/www.cornillier-avocats.com\/\",\"name\":\"Cornillier Avocats\",\"description\":\"Cornillier Avocats, cabinet d&#039;avocats en droit des affaires et en droit social, est un partenaire de confiance des acteurs de l\u2019\u00e9conomie responsable.\",\"potentialAction\":[{\"@type\":\"SearchAction\",\"target\":{\"@type\":\"EntryPoint\",\"urlTemplate\":\"https:\/\/www.cornillier-avocats.com\/?s={search_term_string}\"},\"query-input\":{\"@type\":\"PropertyValueSpecification\",\"valueRequired\":true,\"valueName\":\"search_term_string\"}}],\"inLanguage\":\"en-US\"},{\"@type\":\"Person\",\"@id\":\"https:\/\/www.cornillier-avocats.com\/#\/schema\/person\/7abf5d98c169d1e02ffc7ab6d08b6eb5\",\"name\":\"Eliott_Markus_Dev\",\"image\":{\"@type\":\"ImageObject\",\"inLanguage\":\"en-US\",\"@id\":\"https:\/\/www.cornillier-avocats.com\/#\/schema\/person\/image\/\",\"url\":\"https:\/\/secure.gravatar.com\/avatar\/e82a1c875af1d10692c1bb24d4aa42c9c59dd307bec1ee5f88b9145de9873f1b?s=96&d=mm&r=g\",\"contentUrl\":\"https:\/\/secure.gravatar.com\/avatar\/e82a1c875af1d10692c1bb24d4aa42c9c59dd307bec1ee5f88b9145de9873f1b?s=96&d=mm&r=g\",\"caption\":\"Eliott_Markus_Dev\"},\"sameAs\":[\"http:\/\/cornillier-wp.eliott-markus.digital\"],\"url\":\"https:\/\/www.cornillier-avocats.com\/en\/author\/eliott_markus_dev\/\"}]}<\/script>\n<!-- \/ Yoast SEO plugin. -->","yoast_head_json":{"title":"Panoramas des mesures applicables jusqu'au 31 d\u00e9cembre 2021 prises pour adapter le droit des entreprises en difficult\u00e9s \u00e0 la crise sanitaire COVID-19 - Cornillier Avocats","robots":{"index":"index","follow":"follow","max-snippet":"max-snippet:-1","max-image-preview":"max-image-preview:large","max-video-preview":"max-video-preview:-1"},"canonical":"https:\/\/www.cornillier-avocats.com\/en\/covid-19-beneficier-des-assouplissements-relatifs-au-pret-de-main-doeuvre-5\/","og_locale":"en_US","og_type":"article","og_title":"Panoramas des mesures applicables jusqu'au 31 d\u00e9cembre 2021 prises pour adapter le droit des entreprises en difficult\u00e9s \u00e0 la crise sanitaire COVID-19 - Cornillier Avocats","og_description":"Dans le cadre de la crise sanitaire, des mesures ont \u00e9t\u00e9 prises en vue d\u2019adapter le droit des entreprises en difficult\u00e9s \u00e0 cette p\u00e9riode particuli\u00e8re. Certaines de ces mesures sont applicables jusqu\u2019au 31 d\u00e9cembre 2021. Voici, \u00e0 mi-parcours et pour m\u00e9moire, un focus sur quelques mesures applicables jusqu\u2019au 31 d\u00e9cembre 2021.&nbsp; Droit d&#8217;alerte du Commissaire [&hellip;]","og_url":"https:\/\/www.cornillier-avocats.com\/en\/covid-19-beneficier-des-assouplissements-relatifs-au-pret-de-main-doeuvre-5\/","og_site_name":"Cornillier Avocats","article_published_time":"2021-10-06T11:40:55+00:00","article_modified_time":"2024-01-23T16:11:12+00:00","author":"Eliott_Markus_Dev","twitter_card":"summary_large_image","twitter_misc":{"Written by":"Eliott_Markus_Dev","Est. reading time":"3 minutes"},"schema":{"@context":"https:\/\/schema.org","@graph":[{"@type":"Article","@id":"https:\/\/www.cornillier-avocats.com\/en\/covid-19-beneficier-des-assouplissements-relatifs-au-pret-de-main-doeuvre-5\/#article","isPartOf":{"@id":"https:\/\/www.cornillier-avocats.com\/en\/covid-19-beneficier-des-assouplissements-relatifs-au-pret-de-main-doeuvre-5\/"},"author":{"name":"Eliott_Markus_Dev","@id":"https:\/\/www.cornillier-avocats.com\/#\/schema\/person\/7abf5d98c169d1e02ffc7ab6d08b6eb5"},"headline":"Panoramas des mesures applicables jusqu&#8217;au 31 d\u00e9cembre 2021 prises pour adapter le droit des entreprises en difficult\u00e9s \u00e0 la crise sanitaire COVID-19","datePublished":"2021-10-06T11:40:55+00:00","dateModified":"2024-01-23T16:11:12+00:00","mainEntityOfPage":{"@id":"https:\/\/www.cornillier-avocats.com\/en\/covid-19-beneficier-des-assouplissements-relatifs-au-pret-de-main-doeuvre-5\/"},"wordCount":668,"inLanguage":"en-US"},{"@type":"WebPage","@id":"https:\/\/www.cornillier-avocats.com\/en\/covid-19-beneficier-des-assouplissements-relatifs-au-pret-de-main-doeuvre-5\/","url":"https:\/\/www.cornillier-avocats.com\/en\/covid-19-beneficier-des-assouplissements-relatifs-au-pret-de-main-doeuvre-5\/","name":"Panoramas des mesures applicables jusqu'au 31 d\u00e9cembre 2021 prises pour adapter le droit des entreprises en difficult\u00e9s \u00e0 la crise sanitaire COVID-19 - Cornillier Avocats","isPartOf":{"@id":"https:\/\/www.cornillier-avocats.com\/#website"},"datePublished":"2021-10-06T11:40:55+00:00","dateModified":"2024-01-23T16:11:12+00:00","author":{"@id":"https:\/\/www.cornillier-avocats.com\/#\/schema\/person\/7abf5d98c169d1e02ffc7ab6d08b6eb5"},"breadcrumb":{"@id":"https:\/\/www.cornillier-avocats.com\/en\/covid-19-beneficier-des-assouplissements-relatifs-au-pret-de-main-doeuvre-5\/#breadcrumb"},"inLanguage":"en-US","potentialAction":[{"@type":"ReadAction","target":["https:\/\/www.cornillier-avocats.com\/en\/covid-19-beneficier-des-assouplissements-relatifs-au-pret-de-main-doeuvre-5\/"]}]},{"@type":"BreadcrumbList","@id":"https:\/\/www.cornillier-avocats.com\/en\/covid-19-beneficier-des-assouplissements-relatifs-au-pret-de-main-doeuvre-5\/#breadcrumb","itemListElement":[{"@type":"ListItem","position":1,"name":"Home","item":"https:\/\/www.cornillier-avocats.com\/en\/"},{"@type":"ListItem","position":2,"name":"Panoramas des mesures applicables jusqu&rsquo;au 31 d\u00e9cembre 2021 prises pour adapter le droit des entreprises en difficult\u00e9s \u00e0 la crise sanitaire COVID-19"}]},{"@type":"WebSite","@id":"https:\/\/www.cornillier-avocats.com\/#website","url":"https:\/\/www.cornillier-avocats.com\/","name":"Cornillier Avocats","description":"Cornillier Avocats, cabinet d&#039;avocats en droit des affaires et en droit social, est un partenaire de confiance des acteurs de l\u2019\u00e9conomie responsable.","potentialAction":[{"@type":"SearchAction","target":{"@type":"EntryPoint","urlTemplate":"https:\/\/www.cornillier-avocats.com\/?s={search_term_string}"},"query-input":{"@type":"PropertyValueSpecification","valueRequired":true,"valueName":"search_term_string"}}],"inLanguage":"en-US"},{"@type":"Person","@id":"https:\/\/www.cornillier-avocats.com\/#\/schema\/person\/7abf5d98c169d1e02ffc7ab6d08b6eb5","name":"Eliott_Markus_Dev","image":{"@type":"ImageObject","inLanguage":"en-US","@id":"https:\/\/www.cornillier-avocats.com\/#\/schema\/person\/image\/","url":"https:\/\/secure.gravatar.com\/avatar\/e82a1c875af1d10692c1bb24d4aa42c9c59dd307bec1ee5f88b9145de9873f1b?s=96&d=mm&r=g","contentUrl":"https:\/\/secure.gravatar.com\/avatar\/e82a1c875af1d10692c1bb24d4aa42c9c59dd307bec1ee5f88b9145de9873f1b?s=96&d=mm&r=g","caption":"Eliott_Markus_Dev"},"sameAs":["http:\/\/cornillier-wp.eliott-markus.digital"],"url":"https:\/\/www.cornillier-avocats.com\/en\/author\/eliott_markus_dev\/"}]}},"_links":{"self":[{"href":"https:\/\/www.cornillier-avocats.com\/en\/wp-json\/wp\/v2\/posts\/551","targetHints":{"allow":["GET"]}}],"collection":[{"href":"https:\/\/www.cornillier-avocats.com\/en\/wp-json\/wp\/v2\/posts"}],"about":[{"href":"https:\/\/www.cornillier-avocats.com\/en\/wp-json\/wp\/v2\/types\/post"}],"author":[{"embeddable":true,"href":"https:\/\/www.cornillier-avocats.com\/en\/wp-json\/wp\/v2\/users\/1"}],"replies":[{"embeddable":true,"href":"https:\/\/www.cornillier-avocats.com\/en\/wp-json\/wp\/v2\/comments?post=551"}],"version-history":[{"count":6,"href":"https:\/\/www.cornillier-avocats.com\/en\/wp-json\/wp\/v2\/posts\/551\/revisions"}],"predecessor-version":[{"id":2630,"href":"https:\/\/www.cornillier-avocats.com\/en\/wp-json\/wp\/v2\/posts\/551\/revisions\/2630"}],"wp:attachment":[{"href":"https:\/\/www.cornillier-avocats.com\/en\/wp-json\/wp\/v2\/media?parent=551"}],"wp:term":[{"taxonomy":"category","embeddable":true,"href":"https:\/\/www.cornillier-avocats.com\/en\/wp-json\/wp\/v2\/categories?post=551"},{"taxonomy":"post_tag","embeddable":true,"href":"https:\/\/www.cornillier-avocats.com\/en\/wp-json\/wp\/v2\/tags?post=551"}],"curies":[{"name":"wp","href":"https:\/\/api.w.org\/{rel}","templated":true}]}}